{"id":149,"date":"2019-09-17T13:52:35","date_gmt":"2019-09-17T13:52:35","guid":{"rendered":"http:\/\/departamentos.uleam.edu.ec\/seguimiento-graduados\/?p=149"},"modified":"2019-09-17T18:52:34","modified_gmt":"2019-09-17T18:52:34","slug":"derecho","status":"publish","type":"post","link":"https:\/\/departamentos.uleam.edu.ec\/seguimiento-graduados\/2019\/09\/17\/derecho\/","title":{"rendered":"Derecho"},"content":{"rendered":"<div style=\"text-align: center\"><span style=\"color: #000000\"><strong>Capacitaci\u00f3n en el II Encuentro de graduados de la Facultad de\u00a0 Derecho<\/strong><\/span><\/div>\n<div><span style=\"color: #000000\"><strong>Carrera<\/strong>: Derecho<\/span><\/div>\n<div><span style=\"color: #000000\"><strong>Fecha:<\/strong> 5\u00a0 de septiembre del 2019\u00a0<\/span><\/div>\n<div><span style=\"color: #000000\"><strong>Hora:<\/strong>\u00a01<span style=\"color: #000000;font-size: 1.8rem\">7:00 a 21:00<\/span><\/span><\/div>\n<div><span style=\"color: #000000\"><strong>Tema:<\/strong> Diligencia Preparatoria COGEP.<\/span><\/div>\n<div><span style=\"color: #000000\">\u00a0 \u00a0 \u00a0 \u00a0 \u00a0 \u00a0 \u00a0 La Mediaci\u00f3n en el Ecuador<\/span><\/div>\n<div><span style=\"color: #000000\">\u00a0 \u00a0 \u00a0 \u00a0 \u00a0 \u00a0 \u00a0 Medios Probatorios, la prueba<\/span><\/div>\n<div><span style=\"color: #000000\">\u00a0 \u00a0 \u00a0 \u00a0 \u00a0 \u00a0 \u00a0 Aplicaci\u00f3n y Seguridad Jur\u00eddica.<\/span><\/div>\n<div><span style=\"color: #000000\">\u00a0 \u00a0 \u00a0 \u00a0 \u00a0 \u00a0 \u00a0 La Casaci\u00f3n.<\/span><\/div>\n<div><span style=\"color: #000000\"><strong>Capacitadores: \u00a0<\/strong>Dr. Orly Delgado Garc\u00eda, Mg.<\/span><\/div>\n<div><span style=\"color: #000000\">Dr. Teodoro Delgado Alonzo<strong>.<\/strong><\/span><\/div>\n<div><span style=\"color: #000000\"> Dra Sonia Barcia, Mg.<\/span><\/div>\n<div><span style=\"color: #000000\">Dr. Charles Vera, Mg<\/span><\/div>\n<div><span style=\"color: #000000\">Dr. Lenin Arroyo Balt\u00e1n, M.S.c<\/span><\/div>\n<div><span lang=\"ES-EC\" style=\"color: #000000\"><span lang=\"PT-BR\"><strong>Graduados asistentes:<\/strong>\u00a098<\/span><\/span><\/div>\n<div><img fetchpriority=\"high\" decoding=\"async\" class=\"alignnone size-medium wp-image-229\" src=\"http:\/\/departamentos.uleam.edu.ec\/seguimiento-graduados\/files\/2019\/09\/derecho-5-300x225.jpg\" alt=\"\" width=\"300\" height=\"225\" srcset=\"https:\/\/departamentos.uleam.edu.ec\/seguimiento-graduados\/files\/2019\/09\/derecho-5-300x225.jpg 300w, https:\/\/departamentos.uleam.edu.ec\/seguimiento-graduados\/files\/2019\/09\/derecho-5-768x576.jpg 768w, https:\/\/departamentos.uleam.edu.ec\/seguimiento-graduados\/files\/2019\/09\/derecho-5.jpg 960w\" sizes=\"(max-width: 300px) 100vw, 300px\" \/>\u00a0<img decoding=\"async\" class=\"alignnone wp-image-230\" style=\"font-size: 1.8rem\" src=\"http:\/\/departamentos.uleam.edu.ec\/seguimiento-graduados\/files\/2019\/09\/derecho1-300x199.jpg\" alt=\"\" width=\"339\" height=\"225\" srcset=\"https:\/\/departamentos.uleam.edu.ec\/seguimiento-graduados\/files\/2019\/09\/derecho1-300x199.jpg 300w, https:\/\/departamentos.uleam.edu.ec\/seguimiento-graduados\/files\/2019\/09\/derecho1-768x510.jpg 768w, https:\/\/departamentos.uleam.edu.ec\/seguimiento-graduados\/files\/2019\/09\/derecho1.jpg 960w\" sizes=\"(max-width: 339px) 100vw, 339px\" \/><\/div>\n<div>\n<div><span style=\"color: #000000\"><strong>Carrera<\/strong>: Derecho<\/span><\/div>\n<div><span style=\"color: #000000\"><strong>Fecha:<\/strong>\u00a06\u00a0 de septiembre del 2019\u00a0<\/span><\/div>\n<div><span style=\"color: #000000\"><strong>Hora:<\/strong>\u00a01<span style=\"color: #000000;font-size: 1.8rem\">7:00 a 21:00<\/span><\/span><\/div>\n<div><span style=\"color: #000000\"><strong>Tema:<\/strong> Ley Org\u00e1nica para el fomento productivo de inversi\u00f3n, generaci\u00f3n, generaci\u00f3n de empleos, estabilidad fiscal, aplicaci\u00f3n y seguridad administrativa<\/span><\/div>\n<div><span style=\"color: #000000\">\u00a0 \u00a0 \u00a0 \u00a0 \u00a0 \u00a0 \u00a0 Violencia y G\u00e9nero.<\/span><\/div>\n<div><span style=\"color: #000000\">\u00a0 \u00a0 \u00a0 \u00a0 \u00a0\u00a0 \u00a0\u00a0<strong>\u00a0<\/strong>La justicia electoral en el Ecuador<\/span><\/div>\n<div><span style=\"color: #000000\">\u00a0 \u00a0 \u00a0 \u00a0 \u00a0 \u00a0 \u00a0 Propiedad intelectual<\/span><\/div>\n<div><span style=\"color: #000000\">\u00a0 \u00a0 \u00a0 \u00a0 \u00a0 \u00a0 \u00a0 Procedimiento directo.<\/span><\/div>\n<div><span style=\"color: #000000\">\u00a0 \u00a0 \u00a0 \u00a0 \u00a0 \u00a0 \u00a0 Derecho de Familia<\/span><\/div>\n<div><span style=\"color: #000000\">\u00a0 \u00a0 \u00a0 \u00a0 \u00a0 \u00a0 \u00a0\u00a0<\/span><span style=\"color: #000000\">Vulnerabilidad de principios y garant\u00edas en el proceso especial directo COIP.<\/span><\/div>\n<div><span style=\"color: #000000\"><strong>Capacitadores: <\/strong>Ab. Ana Romero Mor\u00e1n, Mg<\/span><\/div>\n<div><span style=\"color: #000000\">Abg. Nancy Hidrovo.<\/span><\/div>\n<div><span style=\"color: #000000\">Dr. Antonio Hualpa Bello, Mg.<\/span><\/div>\n<div><span style=\"color: #000000\">Abg. Andr\u00e9s Chug\u00e1 Porras, Mg.<\/span><\/div>\n<div><span style=\"color: #000000\">Abg. Juan Due\u00f1as V\u00e9lez, Mg<\/span><\/div>\n<div><span style=\"color: #000000\">Abg. Olga Soledispa Feyes, Mg<\/span><\/div>\n<div><span style=\"color: #000000\">Pedro Pihuave Mendoza, Mg<\/span><\/div>\n<div><\/div>\n<div><span lang=\"ES-EC\" style=\"color: #000000\"><span lang=\"PT-BR\"><strong>Graduados asistentes:<\/strong>\u00a098<\/span><\/span><\/div>\n<div>\u00a0<img decoding=\"async\" class=\"alignnone size-medium wp-image-232\" src=\"http:\/\/departamentos.uleam.edu.ec\/seguimiento-graduados\/files\/2019\/09\/derecho9-300x199.jpg\" alt=\"\" width=\"300\" height=\"199\" srcset=\"https:\/\/departamentos.uleam.edu.ec\/seguimiento-graduados\/files\/2019\/09\/derecho9-300x199.jpg 300w, https:\/\/departamentos.uleam.edu.ec\/seguimiento-graduados\/files\/2019\/09\/derecho9-768x510.jpg 768w, https:\/\/departamentos.uleam.edu.ec\/seguimiento-graduados\/files\/2019\/09\/derecho9.jpg 960w\" sizes=\"(max-width: 300px) 100vw, 300px\" \/>\u00a0<img loading=\"lazy\" decoding=\"async\" class=\"alignnone wp-image-231\" src=\"http:\/\/departamentos.uleam.edu.ec\/seguimiento-graduados\/files\/2019\/09\/derecho-2-300x146.jpg\" alt=\"\" width=\"405\" height=\"197\" srcset=\"https:\/\/departamentos.uleam.edu.ec\/seguimiento-graduados\/files\/2019\/09\/derecho-2-300x146.jpg 300w, https:\/\/departamentos.uleam.edu.ec\/seguimiento-graduados\/files\/2019\/09\/derecho-2-768x373.jpg 768w, https:\/\/departamentos.uleam.edu.ec\/seguimiento-graduados\/files\/2019\/09\/derecho-2.jpg 960w\" sizes=\"(max-width: 405px) 100vw, 405px\" \/><\/div>\n<div>\n<p>&nbsp;<\/p>\n<p>&nbsp;<\/p>\n<\/div>\n<\/div>\n<div><\/div>\n","protected":false},"excerpt":{"rendered":"<p>Capacitaci\u00f3n en el II Encuentro de graduados de la Facultad de\u00a0 Derecho Carrera: Derecho Fecha: 5\u00a0 de septiembre del 2019\u00a0 Hora:\u00a017:00 a 21:00 Tema: Diligencia Preparatoria COGEP. \u00a0 \u00a0 \u00a0 \u00a0 \u00a0 \u00a0 \u00a0 La Mediaci\u00f3n en el Ecuador \u00a0 \u00a0 \u00a0 \u00a0 \u00a0 \u00a0 \u00a0 Medios Probatorios, la prueba \u00a0 \u00a0 \u00a0 \u00a0 \u00a0&#8230; <\/p>\n<div class=\"link-more\"><a href=\"https:\/\/departamentos.uleam.edu.ec\/seguimiento-graduados\/2019\/09\/17\/derecho\/\">Leer M\u00e1s<\/a><\/div>\n","protected":false},"author":56,"featured_media":0,"comment_status":"open","ping_status":"open","sticky":false,"template":"","format":"standard","meta":{"footnotes":"","_links_to":"","_links_to_target":""},"categories":[1],"tags":[],"class_list":["post-149","post","type-post","status-publish","format-standard","hentry","category-sin-categoria"],"_links":{"self":[{"href":"https:\/\/departamentos.uleam.edu.ec\/seguimiento-graduados\/wp-json\/wp\/v2\/posts\/149","targetHints":{"allow":["GET"]}}],"collection":[{"href":"https:\/\/departamentos.uleam.edu.ec\/seguimiento-graduados\/wp-json\/wp\/v2\/posts"}],"about":[{"href":"https:\/\/departamentos.uleam.edu.ec\/seguimiento-graduados\/wp-json\/wp\/v2\/types\/post"}],"author":[{"embeddable":true,"href":"https:\/\/departamentos.uleam.edu.ec\/seguimiento-graduados\/wp-json\/wp\/v2\/users\/56"}],"replies":[{"embeddable":true,"href":"https:\/\/departamentos.uleam.edu.ec\/seguimiento-graduados\/wp-json\/wp\/v2\/comments?post=149"}],"version-history":[{"count":5,"href":"https:\/\/departamentos.uleam.edu.ec\/seguimiento-graduados\/wp-json\/wp\/v2\/posts\/149\/revisions"}],"predecessor-version":[{"id":301,"href":"https:\/\/departamentos.uleam.edu.ec\/seguimiento-graduados\/wp-json\/wp\/v2\/posts\/149\/revisions\/301"}],"wp:attachment":[{"href":"https:\/\/departamentos.uleam.edu.ec\/seguimiento-graduados\/wp-json\/wp\/v2\/media?parent=149"}],"wp:term":[{"taxonomy":"category","embeddable":true,"href":"https:\/\/departamentos.uleam.edu.ec\/seguimiento-graduados\/wp-json\/wp\/v2\/categories?post=149"},{"taxonomy":"post_tag","embeddable":true,"href":"https:\/\/departamentos.uleam.edu.ec\/seguimiento-graduados\/wp-json\/wp\/v2\/tags?post=149"}],"curies":[{"name":"wp","href":"https:\/\/api.w.org\/{rel}","templated":true}]}}