{"id":153,"date":"2019-09-17T13:57:39","date_gmt":"2019-09-17T13:57:39","guid":{"rendered":"http:\/\/departamentos.uleam.edu.ec\/seguimiento-graduados\/?p=153"},"modified":"2019-10-16T21:06:04","modified_gmt":"2019-10-16T21:06:04","slug":"ciencias-de-la-educacion","status":"publish","type":"post","link":"https:\/\/departamentos.uleam.edu.ec\/seguimiento-graduados\/2019\/09\/17\/ciencias-de-la-educacion\/","title":{"rendered":"Ciencias de la Educaci\u00f3n"},"content":{"rendered":"\n<p class=\"has-text-color has-dark-gray-color\"><strong>Capacitaci\u00f3n\nen el II Encuentro de&nbsp; graduados de la Facultad de&nbsp; Ciencias de la\nEducaci\u00f3n <\/strong><\/p>\n\n\n\n<p class=\"has-text-color has-dark-gray-color\"><strong>Carrera:<\/strong> Educaci\u00f3n\nEspecial, B\u00e1sica, Ingl\u00e9s, Educaci\u00f3n F\u00edsica, Parvularia, Literatura y Castellano<\/p>\n\n\n\n<p class=\"has-text-color has-dark-gray-color\"><strong>Fecha:<\/strong>&nbsp;2, 3,4, 5 y 6 de septiembre de 2019 <\/p>\n\n\n\n<p class=\"has-text-color has-dark-gray-color\"><strong>Hora:<\/strong>&nbsp;16:00 <\/p>\n\n\n\n<p class=\"has-text-color has-dark-gray-color\"><strong>Tema:<\/strong> \u201cAdaptaciones Curriculares aplicadas a la Educaci\u00f3n B\u00e1sica y\nBachillerato\u00bb, \u00abAdaptaciones Curriculares aplicadas a la Educaci\u00f3n\nB\u00e1sica\u00bb \u00abLa Nutrici\u00f3n fuente de vida en ni\u00f1os y j\u00f3venes \u00bb\n\u00abAdaptaciones Curriculares aplicadas a la Educaci\u00f3n Parvularia\u00bb <\/p>\n\n\n\n<p class=\"has-text-color has-dark-gray-color\"><strong>Capacitadoras:<\/strong>&nbsp; Dra. Diana Zambrano Ch\u00e1vez, Lic. Katiuska Ortega\nCh\u00e1vez, Lic. Karen Corral Joza, Dra. Damaris Hern\u00e1ndez Gallardo, Lic. Lidia\nAlmeida <\/p>\n\n\n\n<p class=\"has-text-color has-dark-gray-color\"><strong>Graduados asistentes:<\/strong>&nbsp;<\/p>\n\n\n\n<figure class=\"wp-block-image\"><img fetchpriority=\"high\" decoding=\"async\" width=\"1024\" height=\"576\" src=\"http:\/\/departamentos.uleam.edu.ec\/seguimiento-graduados\/files\/2019\/10\/1-1024x576.jpg\" alt=\"\" class=\"wp-image-443\" srcset=\"https:\/\/departamentos.uleam.edu.ec\/seguimiento-graduados\/files\/2019\/10\/1-1024x576.jpg 1024w, https:\/\/departamentos.uleam.edu.ec\/seguimiento-graduados\/files\/2019\/10\/1-300x169.jpg 300w, https:\/\/departamentos.uleam.edu.ec\/seguimiento-graduados\/files\/2019\/10\/1-768x432.jpg 768w, https:\/\/departamentos.uleam.edu.ec\/seguimiento-graduados\/files\/2019\/10\/1.jpg 1280w\" sizes=\"(max-width: 1024px) 100vw, 1024px\" \/><\/figure>\n\n\n\n<figure class=\"wp-block-image\"><img decoding=\"async\" width=\"1024\" height=\"768\" src=\"http:\/\/departamentos.uleam.edu.ec\/seguimiento-graduados\/files\/2019\/10\/2-1-1024x768.jpg\" alt=\"\" class=\"wp-image-449\" srcset=\"https:\/\/departamentos.uleam.edu.ec\/seguimiento-graduados\/files\/2019\/10\/2-1-1024x768.jpg 1024w, https:\/\/departamentos.uleam.edu.ec\/seguimiento-graduados\/files\/2019\/10\/2-1-300x225.jpg 300w, https:\/\/departamentos.uleam.edu.ec\/seguimiento-graduados\/files\/2019\/10\/2-1-768x576.jpg 768w, https:\/\/departamentos.uleam.edu.ec\/seguimiento-graduados\/files\/2019\/10\/2-1.jpg 1032w\" sizes=\"(max-width: 1024px) 100vw, 1024px\" \/><\/figure>\n\n\n\n<figure class=\"wp-block-image\"><img decoding=\"async\" width=\"1024\" height=\"768\" src=\"http:\/\/departamentos.uleam.edu.ec\/seguimiento-graduados\/files\/2019\/10\/3-1024x768.jpg\" alt=\"\" class=\"wp-image-450\" srcset=\"https:\/\/departamentos.uleam.edu.ec\/seguimiento-graduados\/files\/2019\/10\/3-1024x768.jpg 1024w, https:\/\/departamentos.uleam.edu.ec\/seguimiento-graduados\/files\/2019\/10\/3-300x225.jpg 300w, https:\/\/departamentos.uleam.edu.ec\/seguimiento-graduados\/files\/2019\/10\/3-768x576.jpg 768w, https:\/\/departamentos.uleam.edu.ec\/seguimiento-graduados\/files\/2019\/10\/3.jpg 1032w\" sizes=\"(max-width: 1024px) 100vw, 1024px\" \/><\/figure>\n\n\n\n<figure class=\"wp-block-image\"><img loading=\"lazy\" decoding=\"async\" width=\"1024\" height=\"768\" src=\"http:\/\/departamentos.uleam.edu.ec\/seguimiento-graduados\/files\/2019\/10\/4-1024x768.jpg\" alt=\"\" class=\"wp-image-451\" srcset=\"https:\/\/departamentos.uleam.edu.ec\/seguimiento-graduados\/files\/2019\/10\/4-1024x768.jpg 1024w, https:\/\/departamentos.uleam.edu.ec\/seguimiento-graduados\/files\/2019\/10\/4-300x225.jpg 300w, https:\/\/departamentos.uleam.edu.ec\/seguimiento-graduados\/files\/2019\/10\/4-768x576.jpg 768w, https:\/\/departamentos.uleam.edu.ec\/seguimiento-graduados\/files\/2019\/10\/4.jpg 1032w\" sizes=\"(max-width: 1024px) 100vw, 1024px\" \/><\/figure>\n\n\n\n<figure class=\"wp-block-image\"><img loading=\"lazy\" decoding=\"async\" width=\"1024\" height=\"768\" src=\"http:\/\/departamentos.uleam.edu.ec\/seguimiento-graduados\/files\/2019\/10\/5-1024x768.jpg\" alt=\"\" class=\"wp-image-452\" srcset=\"https:\/\/departamentos.uleam.edu.ec\/seguimiento-graduados\/files\/2019\/10\/5-1024x768.jpg 1024w, https:\/\/departamentos.uleam.edu.ec\/seguimiento-graduados\/files\/2019\/10\/5-300x225.jpg 300w, https:\/\/departamentos.uleam.edu.ec\/seguimiento-graduados\/files\/2019\/10\/5-768x576.jpg 768w, https:\/\/departamentos.uleam.edu.ec\/seguimiento-graduados\/files\/2019\/10\/5.jpg 1280w\" sizes=\"(max-width: 1024px) 100vw, 1024px\" \/><\/figure>\n\n\n\n<ul class=\"wp-block-list\"><li><\/li><\/ul>\n\n\n\n<figure class=\"wp-block-image\"><img loading=\"lazy\" decoding=\"async\" width=\"1024\" height=\"768\" src=\"http:\/\/departamentos.uleam.edu.ec\/seguimiento-graduados\/files\/2019\/10\/6-1024x768.jpg\" alt=\"\" class=\"wp-image-453\" srcset=\"https:\/\/departamentos.uleam.edu.ec\/seguimiento-graduados\/files\/2019\/10\/6-1024x768.jpg 1024w, https:\/\/departamentos.uleam.edu.ec\/seguimiento-graduados\/files\/2019\/10\/6-300x225.jpg 300w, https:\/\/departamentos.uleam.edu.ec\/seguimiento-graduados\/files\/2019\/10\/6-768x576.jpg 768w, https:\/\/departamentos.uleam.edu.ec\/seguimiento-graduados\/files\/2019\/10\/6.jpg 1032w\" sizes=\"(max-width: 1024px) 100vw, 1024px\" \/><\/figure>\n\n\n\n<figure class=\"wp-block-image\"><img loading=\"lazy\" decoding=\"async\" width=\"1024\" height=\"768\" src=\"http:\/\/departamentos.uleam.edu.ec\/seguimiento-graduados\/files\/2019\/10\/7-1024x768.jpg\" alt=\"\" class=\"wp-image-454\" srcset=\"https:\/\/departamentos.uleam.edu.ec\/seguimiento-graduados\/files\/2019\/10\/7-1024x768.jpg 1024w, https:\/\/departamentos.uleam.edu.ec\/seguimiento-graduados\/files\/2019\/10\/7-300x225.jpg 300w, https:\/\/departamentos.uleam.edu.ec\/seguimiento-graduados\/files\/2019\/10\/7-768x576.jpg 768w, https:\/\/departamentos.uleam.edu.ec\/seguimiento-graduados\/files\/2019\/10\/7.jpg 1032w\" sizes=\"(max-width: 1024px) 100vw, 1024px\" \/><\/figure>\n","protected":false},"excerpt":{"rendered":"<p>Capacitaci\u00f3n en el II Encuentro de&nbsp; graduados de la Facultad de&nbsp; Ciencias de la Educaci\u00f3n Carrera: Educaci\u00f3n Especial, B\u00e1sica, Ingl\u00e9s, Educaci\u00f3n F\u00edsica, Parvularia, Literatura y Castellano Fecha:&nbsp;2, 3,4, 5 y 6 de septiembre de 2019 Hora:&nbsp;16:00 Tema: \u201cAdaptaciones Curriculares aplicadas a la Educaci\u00f3n B\u00e1sica y Bachillerato\u00bb, \u00abAdaptaciones Curriculares aplicadas a la Educaci\u00f3n B\u00e1sica\u00bb \u00abLa Nutrici\u00f3n&#8230; <\/p>\n<div class=\"link-more\"><a href=\"https:\/\/departamentos.uleam.edu.ec\/seguimiento-graduados\/2019\/09\/17\/ciencias-de-la-educacion\/\">Leer M\u00e1s<\/a><\/div>\n","protected":false},"author":56,"featured_media":0,"comment_status":"open","ping_status":"open","sticky":false,"template":"","format":"standard","meta":{"footnotes":"","_links_to":"","_links_to_target":""},"categories":[1],"tags":[],"class_list":["post-153","post","type-post","status-publish","format-standard","hentry","category-sin-categoria"],"_links":{"self":[{"href":"https:\/\/departamentos.uleam.edu.ec\/seguimiento-graduados\/wp-json\/wp\/v2\/posts\/153","targetHints":{"allow":["GET"]}}],"collection":[{"href":"https:\/\/departamentos.uleam.edu.ec\/seguimiento-graduados\/wp-json\/wp\/v2\/posts"}],"about":[{"href":"https:\/\/departamentos.uleam.edu.ec\/seguimiento-graduados\/wp-json\/wp\/v2\/types\/post"}],"author":[{"embeddable":true,"href":"https:\/\/departamentos.uleam.edu.ec\/seguimiento-graduados\/wp-json\/wp\/v2\/users\/56"}],"replies":[{"embeddable":true,"href":"https:\/\/departamentos.uleam.edu.ec\/seguimiento-graduados\/wp-json\/wp\/v2\/comments?post=153"}],"version-history":[{"count":8,"href":"https:\/\/departamentos.uleam.edu.ec\/seguimiento-graduados\/wp-json\/wp\/v2\/posts\/153\/revisions"}],"predecessor-version":[{"id":464,"href":"https:\/\/departamentos.uleam.edu.ec\/seguimiento-graduados\/wp-json\/wp\/v2\/posts\/153\/revisions\/464"}],"wp:attachment":[{"href":"https:\/\/departamentos.uleam.edu.ec\/seguimiento-graduados\/wp-json\/wp\/v2\/media?parent=153"}],"wp:term":[{"taxonomy":"category","embeddable":true,"href":"https:\/\/departamentos.uleam.edu.ec\/seguimiento-graduados\/wp-json\/wp\/v2\/categories?post=153"},{"taxonomy":"post_tag","embeddable":true,"href":"https:\/\/departamentos.uleam.edu.ec\/seguimiento-graduados\/wp-json\/wp\/v2\/tags?post=153"}],"curies":[{"name":"wp","href":"https:\/\/api.w.org\/{rel}","templated":true}]}}