{"id":255,"date":"2019-09-17T18:14:30","date_gmt":"2019-09-17T18:14:30","guid":{"rendered":"http:\/\/departamentos.uleam.edu.ec\/seguimiento-graduados\/?p=255"},"modified":"2019-09-17T20:17:16","modified_gmt":"2019-09-17T20:17:16","slug":"terapia-de-lenguaje","status":"publish","type":"post","link":"https:\/\/departamentos.uleam.edu.ec\/seguimiento-graduados\/2019\/09\/17\/terapia-de-lenguaje\/","title":{"rendered":"Terapia de Lenguaje"},"content":{"rendered":"<p style=\"text-align: center\"><strong><span style=\"color: #000000\">Capacitaci\u00f3n en el II Encuentro de\u00a0 graduados de la Facultad de Ciencias M\u00e9dicas\u00a0<\/span><\/strong><\/p>\n<div><span style=\"color: #000000\"><strong>Carrera<\/strong>:\u00a0 Terapia de Lenguaje\u00a0<\/span><\/div>\n<div><span style=\"color: #000000\"><strong>Fecha:<\/strong>\u00a05 de septiembre<\/span><\/div>\n<div><span style=\"color: #000000\"><strong>Hora:<\/strong>\u00a0<\/span><\/div>\n<div><span style=\"color: #000000\"><strong>Tema:<\/strong>\u00a0<strong>\u00a0<\/strong>Taller de metodolog\u00eda para la realizaci\u00f3n de proyectos de investigaci\u00f3n.<\/span><\/div>\n<div><span style=\"color: #000000\"><strong>Capacitador: <\/strong>Dr. Santos Bravo Loor<\/span><\/div>\n<div><span lang=\"ES-EC\" style=\"color: #000000\"><span lang=\"PT-BR\"><strong>Graduados asistentes:<\/strong><\/span><\/span><\/div>\n<div>\n<p><img decoding=\"async\" class=\"alignnone wp-image-313\" src=\"http:\/\/departamentos.uleam.edu.ec\/seguimiento-graduados\/files\/2019\/09\/1-225x300.jpg\" alt=\"\" width=\"172\" height=\"229\" srcset=\"https:\/\/departamentos.uleam.edu.ec\/seguimiento-graduados\/files\/2019\/09\/1-225x300.jpg 225w, https:\/\/departamentos.uleam.edu.ec\/seguimiento-graduados\/files\/2019\/09\/1-768x1024.jpg 768w, https:\/\/departamentos.uleam.edu.ec\/seguimiento-graduados\/files\/2019\/09\/1-630x840.jpg 630w, https:\/\/departamentos.uleam.edu.ec\/seguimiento-graduados\/files\/2019\/09\/1.jpg 864w\" sizes=\"(max-width: 172px) 100vw, 172px\" \/> <img fetchpriority=\"high\" decoding=\"async\" class=\"alignnone size-medium wp-image-314\" src=\"http:\/\/departamentos.uleam.edu.ec\/seguimiento-graduados\/files\/2019\/09\/2-300x225.jpg\" alt=\"\" width=\"300\" height=\"225\" srcset=\"https:\/\/departamentos.uleam.edu.ec\/seguimiento-graduados\/files\/2019\/09\/2-300x225.jpg 300w, https:\/\/departamentos.uleam.edu.ec\/seguimiento-graduados\/files\/2019\/09\/2-768x576.jpg 768w, https:\/\/departamentos.uleam.edu.ec\/seguimiento-graduados\/files\/2019\/09\/2-1024x768.jpg 1024w, https:\/\/departamentos.uleam.edu.ec\/seguimiento-graduados\/files\/2019\/09\/2.jpg 1280w\" sizes=\"(max-width: 300px) 100vw, 300px\" \/> <img decoding=\"async\" class=\"alignnone size-medium wp-image-315\" src=\"http:\/\/departamentos.uleam.edu.ec\/seguimiento-graduados\/files\/2019\/09\/3-300x225.jpg\" alt=\"\" width=\"300\" height=\"225\" srcset=\"https:\/\/departamentos.uleam.edu.ec\/seguimiento-graduados\/files\/2019\/09\/3-300x225.jpg 300w, https:\/\/departamentos.uleam.edu.ec\/seguimiento-graduados\/files\/2019\/09\/3-768x576.jpg 768w, https:\/\/departamentos.uleam.edu.ec\/seguimiento-graduados\/files\/2019\/09\/3-1024x768.jpg 1024w, https:\/\/departamentos.uleam.edu.ec\/seguimiento-graduados\/files\/2019\/09\/3.jpg 1152w\" sizes=\"(max-width: 300px) 100vw, 300px\" \/><\/p>\n<div><span style=\"color: #000000\"><strong>Carrera<\/strong>:\u00a0 Terapia de Lenguaje\u00a0<\/span><\/div>\n<div><span style=\"color: #000000\"><strong>Fecha:<\/strong>\u00a06 de septiembre<\/span><\/div>\n<div><span style=\"color: #000000\"><strong>Hora:<\/strong>\u00a0<\/span><\/div>\n<div><span style=\"color: #000000\"><span style=\"color: #000000\"><strong>Tema:<\/strong>\u00a0 Segundo d\u00eda del taller metodol\u00f3gico para la realizaci\u00f3n del Proyecto de investigaci\u00f3n. <\/span><\/span><\/div>\n<div>\n<p><span style=\"color: #000000\"><span style=\"color: #000000\">C\u00f3mo elaborar un art\u00edculo cient\u00edfico para la educaci\u00f3n superior.\u00a0<\/span><\/span><strong style=\"color: #000000;font-size: 1.8rem\">Capacitador: <\/strong><span style=\"color: #000000;font-size: 1.8rem\">Dr. Santos Bravo Loor<\/span><\/p>\n<p><span style=\"color: #000000;font-size: 1.8rem\"><strong>\u00a0<\/strong>Lcda. Viviana Pati\u00f1o Zambrano Mg<\/span><\/p>\n<p><strong style=\"color: #000000;font-size: 1.8rem\">Graduados asistentes:<\/strong><\/p>\n<\/div>\n<div>\u00a0<img loading=\"lazy\" decoding=\"async\" class=\"alignnone size-medium wp-image-316\" src=\"http:\/\/departamentos.uleam.edu.ec\/seguimiento-graduados\/files\/2019\/09\/1-1-300x225.jpg\" alt=\"\" width=\"300\" height=\"225\" srcset=\"https:\/\/departamentos.uleam.edu.ec\/seguimiento-graduados\/files\/2019\/09\/1-1-300x225.jpg 300w, https:\/\/departamentos.uleam.edu.ec\/seguimiento-graduados\/files\/2019\/09\/1-1-768x576.jpg 768w, https:\/\/departamentos.uleam.edu.ec\/seguimiento-graduados\/files\/2019\/09\/1-1-1024x768.jpg 1024w, https:\/\/departamentos.uleam.edu.ec\/seguimiento-graduados\/files\/2019\/09\/1-1.jpg 1280w\" sizes=\"(max-width: 300px) 100vw, 300px\" \/> <img loading=\"lazy\" decoding=\"async\" class=\"alignnone wp-image-317\" src=\"http:\/\/departamentos.uleam.edu.ec\/seguimiento-graduados\/files\/2019\/09\/2-1-225x300.jpg\" alt=\"\" width=\"167\" height=\"223\" srcset=\"https:\/\/departamentos.uleam.edu.ec\/seguimiento-graduados\/files\/2019\/09\/2-1-225x300.jpg 225w, https:\/\/departamentos.uleam.edu.ec\/seguimiento-graduados\/files\/2019\/09\/2-1-768x1024.jpg 768w, https:\/\/departamentos.uleam.edu.ec\/seguimiento-graduados\/files\/2019\/09\/2-1-630x840.jpg 630w, https:\/\/departamentos.uleam.edu.ec\/seguimiento-graduados\/files\/2019\/09\/2-1.jpg 864w\" sizes=\"(max-width: 167px) 100vw, 167px\" \/> <img loading=\"lazy\" decoding=\"async\" class=\"alignnone size-medium wp-image-318\" src=\"http:\/\/departamentos.uleam.edu.ec\/seguimiento-graduados\/files\/2019\/09\/3-1-300x225.jpg\" alt=\"\" width=\"300\" height=\"225\" srcset=\"https:\/\/departamentos.uleam.edu.ec\/seguimiento-graduados\/files\/2019\/09\/3-1-300x225.jpg 300w, https:\/\/departamentos.uleam.edu.ec\/seguimiento-graduados\/files\/2019\/09\/3-1-768x576.jpg 768w, https:\/\/departamentos.uleam.edu.ec\/seguimiento-graduados\/files\/2019\/09\/3-1-1024x768.jpg 1024w, https:\/\/departamentos.uleam.edu.ec\/seguimiento-graduados\/files\/2019\/09\/3-1.jpg 1152w\" sizes=\"(max-width: 300px) 100vw, 300px\" \/><\/div>\n<div><span style=\"color: #000000\"><strong>Carrera<\/strong>:\u00a0 Terapia de Lenguaje\u00a0<\/span><\/div>\n<div><span style=\"color: #000000\"><strong>Fecha:<\/strong>\u00a07 de septiembre<\/span><\/div>\n<div><span style=\"color: #000000\"><strong>Hora:<\/strong>\u00a0<\/span><\/div>\n<div><span style=\"color: #000000\"><strong>Tema:<\/strong>\u00a0 Actividades de recreaci\u00f3n e integraci\u00f3n con los profesionales de Terapia de Lenguaje<\/span><\/div>\n<div><span style=\"color: #000000\"><strong>Capacitador:\u00a0<\/strong><\/span><\/div>\n<div><span lang=\"ES-EC\" style=\"color: #000000\"><span lang=\"PT-BR\"><strong>Graduados asistentes:<\/strong><\/span><\/span><\/div>\n<div><img loading=\"lazy\" decoding=\"async\" class=\"alignnone size-medium wp-image-319\" src=\"http:\/\/departamentos.uleam.edu.ec\/seguimiento-graduados\/files\/2019\/09\/1-2-300x226.jpg\" alt=\"\" width=\"300\" height=\"226\" srcset=\"https:\/\/departamentos.uleam.edu.ec\/seguimiento-graduados\/files\/2019\/09\/1-2-300x226.jpg 300w, https:\/\/departamentos.uleam.edu.ec\/seguimiento-graduados\/files\/2019\/09\/1-2.jpg 589w\" sizes=\"(max-width: 300px) 100vw, 300px\" \/> <img loading=\"lazy\" decoding=\"async\" class=\"alignnone size-medium wp-image-320\" src=\"http:\/\/departamentos.uleam.edu.ec\/seguimiento-graduados\/files\/2019\/09\/2-2-300x235.jpg\" alt=\"\" width=\"300\" height=\"235\" srcset=\"https:\/\/departamentos.uleam.edu.ec\/seguimiento-graduados\/files\/2019\/09\/2-2-300x235.jpg 300w, https:\/\/departamentos.uleam.edu.ec\/seguimiento-graduados\/files\/2019\/09\/2-2.jpg 566w\" sizes=\"(max-width: 300px) 100vw, 300px\" \/> <img loading=\"lazy\" decoding=\"async\" class=\"alignnone wp-image-321\" src=\"http:\/\/departamentos.uleam.edu.ec\/seguimiento-graduados\/files\/2019\/09\/3-2-300x169.jpg\" alt=\"\" width=\"408\" height=\"230\" srcset=\"https:\/\/departamentos.uleam.edu.ec\/seguimiento-graduados\/files\/2019\/09\/3-2-300x169.jpg 300w, https:\/\/departamentos.uleam.edu.ec\/seguimiento-graduados\/files\/2019\/09\/3-2-768x432.jpg 768w, https:\/\/departamentos.uleam.edu.ec\/seguimiento-graduados\/files\/2019\/09\/3-2-1024x576.jpg 1024w, https:\/\/departamentos.uleam.edu.ec\/seguimiento-graduados\/files\/2019\/09\/3-2.jpg 1032w\" sizes=\"(max-width: 408px) 100vw, 408px\" \/><\/div>\n<p>&nbsp;<\/p>\n<p>&nbsp;<\/p>\n<p>&nbsp;<\/p>\n<p>&nbsp;<\/p>\n<p>&nbsp;<\/p>\n<p>&nbsp;<\/p>\n<p>&nbsp;<\/p>\n<p>&nbsp;<\/p>\n<p>&nbsp;<\/p>\n<p>&nbsp;<\/p>\n<p>&nbsp;<\/p>\n<p>&nbsp;<\/p>\n<p>&nbsp;<\/p>\n<p>&nbsp;<\/p>\n<p>&nbsp;<\/p>\n<p>&nbsp;<\/p>\n<p>&nbsp;<\/p>\n<p>&nbsp;<\/p>\n<p>&nbsp;<\/p>\n<p>&nbsp;<\/p>\n<p>&nbsp;<\/p>\n<p>&nbsp;<\/p>\n<p>&nbsp;<\/p>\n<p>&nbsp;<\/p>\n<p>&nbsp;<\/p>\n<p>&nbsp;<\/p>\n<p>&nbsp;<\/p>\n<p>&nbsp;<\/p>\n<p>&nbsp;<\/p>\n<\/div>\n","protected":false},"excerpt":{"rendered":"<p>Capacitaci\u00f3n en el II Encuentro de\u00a0 graduados de la Facultad de Ciencias M\u00e9dicas\u00a0 Carrera:\u00a0 Terapia de Lenguaje\u00a0 Fecha:\u00a05 de septiembre Hora:\u00a0 Tema:\u00a0\u00a0Taller de metodolog\u00eda para la realizaci\u00f3n de proyectos de investigaci\u00f3n. Capacitador: Dr. Santos Bravo Loor Graduados asistentes: Carrera:\u00a0 Terapia de Lenguaje\u00a0 Fecha:\u00a06 de septiembre Hora:\u00a0 Tema:\u00a0 Segundo d\u00eda del taller metodol\u00f3gico para la realizaci\u00f3n&#8230; <\/p>\n<div class=\"link-more\"><a href=\"https:\/\/departamentos.uleam.edu.ec\/seguimiento-graduados\/2019\/09\/17\/terapia-de-lenguaje\/\">Leer M\u00e1s<\/a><\/div>\n","protected":false},"author":56,"featured_media":0,"comment_status":"open","ping_status":"open","sticky":false,"template":"","format":"standard","meta":{"footnotes":"","_links_to":"","_links_to_target":""},"categories":[1],"tags":[],"class_list":["post-255","post","type-post","status-publish","format-standard","hentry","category-sin-categoria"],"_links":{"self":[{"href":"https:\/\/departamentos.uleam.edu.ec\/seguimiento-graduados\/wp-json\/wp\/v2\/posts\/255","targetHints":{"allow":["GET"]}}],"collection":[{"href":"https:\/\/departamentos.uleam.edu.ec\/seguimiento-graduados\/wp-json\/wp\/v2\/posts"}],"about":[{"href":"https:\/\/departamentos.uleam.edu.ec\/seguimiento-graduados\/wp-json\/wp\/v2\/types\/post"}],"author":[{"embeddable":true,"href":"https:\/\/departamentos.uleam.edu.ec\/seguimiento-graduados\/wp-json\/wp\/v2\/users\/56"}],"replies":[{"embeddable":true,"href":"https:\/\/departamentos.uleam.edu.ec\/seguimiento-graduados\/wp-json\/wp\/v2\/comments?post=255"}],"version-history":[{"count":4,"href":"https:\/\/departamentos.uleam.edu.ec\/seguimiento-graduados\/wp-json\/wp\/v2\/posts\/255\/revisions"}],"predecessor-version":[{"id":323,"href":"https:\/\/departamentos.uleam.edu.ec\/seguimiento-graduados\/wp-json\/wp\/v2\/posts\/255\/revisions\/323"}],"wp:attachment":[{"href":"https:\/\/departamentos.uleam.edu.ec\/seguimiento-graduados\/wp-json\/wp\/v2\/media?parent=255"}],"wp:term":[{"taxonomy":"category","embeddable":true,"href":"https:\/\/departamentos.uleam.edu.ec\/seguimiento-graduados\/wp-json\/wp\/v2\/categories?post=255"},{"taxonomy":"post_tag","embeddable":true,"href":"https:\/\/departamentos.uleam.edu.ec\/seguimiento-graduados\/wp-json\/wp\/v2\/tags?post=255"}],"curies":[{"name":"wp","href":"https:\/\/api.w.org\/{rel}","templated":true}]}}